{"id":11208,"date":"2026-04-22T18:00:00","date_gmt":"2026-04-22T16:00:00","guid":{"rendered":"https:\/\/lavoiedenahk.fr\/blog\/?p=11208"},"modified":"2026-04-15T16:18:58","modified_gmt":"2026-04-15T14:18:58","slug":"pourquoi-on-attend-toujours-la-crise-pour-demander-de-laide","status":"publish","type":"post","link":"https:\/\/lavoiedenahk.fr\/blog\/pourquoi-on-attend-toujours-la-crise-pour-demander-de-laide\/","title":{"rendered":"Pourquoi on attend toujours la crise pour demander de l&#8217;aide ?"},"content":{"rendered":"\t\t<div data-elementor-type=\"wp-post\" data-elementor-id=\"11208\" class=\"elementor elementor-11208\" data-elementor-post-type=\"post\">\n\t\t\t\t<div class=\"elementor-element elementor-element-79dd527 e-con-full liens-articles e-flex e-con e-parent\" data-id=\"79dd527\" data-element_type=\"container\" data-e-type=\"container\" data-settings=\"{&quot;background_background&quot;:&quot;classic&quot;}\">\n\t\t<div class=\"elementor-element elementor-element-8c54098 e-con-full e-flex e-con e-child\" data-id=\"8c54098\" data-element_type=\"container\" data-e-type=\"container\">\n\t\t\t\t<div class=\"elementor-element elementor-element-3c1c5aa elementor-widget elementor-widget-text-editor\" data-id=\"3c1c5aa\" data-element_type=\"widget\" data-e-type=\"widget\" data-widget_type=\"text-editor.default\">\n\t\t\t\t<div class=\"elementor-widget-container\">\n\t\t\t\t\t\t\t\t\t<p class=\"font-claude-response-body break-words whitespace-normal leading-[1.7]\">Il y a un portrait que je reconnais chez presque tous mes consultants. Des signaux qui s&#8217;accumulent pendant des mois, parfois des ann\u00e9es. Une capacit\u00e9 d&#8217;adaptation remarquable. Et puis, un jour : une trahison, une injustice, un effondrement \u2014 quelque chose qui vient faire exploser une situation qu&#8217;il tenterait de maintenir en stabilit\u00e9 pr\u00e9caire.<\/p><p class=\"font-claude-response-body break-words whitespace-normal leading-[1.7]\">Ce n&#8217;est pas une co\u00efncidence. C&#8217;est un sch\u00e9ma et malheureusement il est fr\u00e9quent.<\/p>\t\t\t\t\t\t\t\t<\/div>\n\t\t\t\t<\/div>\n\t\t\t\t<div class=\"elementor-element elementor-element-0a2f5ad elementor-widget elementor-widget-spacer\" data-id=\"0a2f5ad\" data-element_type=\"widget\" data-e-type=\"widget\" data-widget_type=\"spacer.default\">\n\t\t\t\t<div class=\"elementor-widget-container\">\n\t\t\t\t\t\t\t<div class=\"elementor-spacer\">\n\t\t\t<div class=\"elementor-spacer-inner\"><\/div>\n\t\t<\/div>\n\t\t\t\t\t\t<\/div>\n\t\t\t\t<\/div>\n\t\t\t\t<div class=\"elementor-element elementor-element-a8aab06 elementor-align-center liens-articles elementor-widget elementor-widget-button\" data-id=\"a8aab06\" data-element_type=\"widget\" data-e-type=\"widget\" data-widget_type=\"button.default\">\n\t\t\t\t<div class=\"elementor-widget-container\">\n\t\t\t\t\t\t\t\t\t<div class=\"elementor-button-wrapper\">\n\t\t\t\t\t<a class=\"elementor-button elementor-size-sm\" role=\"button\">\n\t\t\t\t\t\t<span class=\"elementor-button-content-wrapper\">\n\t\t\t\t\t\t\t\t\t<span class=\"elementor-button-text\">Voir la vid\u00e9o<\/span>\n\t\t\t\t\t<\/span>\n\t\t\t\t\t<\/a>\n\t\t\t\t<\/div>\n\t\t\t\t\t\t\t\t<\/div>\n\t\t\t\t<\/div>\n\t\t\t\t<div class=\"elementor-element elementor-element-1f4778a elementor-widget elementor-widget-spacer\" data-id=\"1f4778a\" data-element_type=\"widget\" data-e-type=\"widget\" data-widget_type=\"spacer.default\">\n\t\t\t\t<div class=\"elementor-widget-container\">\n\t\t\t\t\t\t\t<div class=\"elementor-spacer\">\n\t\t\t<div class=\"elementor-spacer-inner\"><\/div>\n\t\t<\/div>\n\t\t\t\t\t\t<\/div>\n\t\t\t\t<\/div>\n\t\t\t\t<div class=\"elementor-element elementor-element-6f263ba elementor-widget elementor-widget-heading\" data-id=\"6f263ba\" data-element_type=\"widget\" data-e-type=\"widget\" data-widget_type=\"heading.default\">\n\t\t\t\t<div class=\"elementor-widget-container\">\n\t\t\t\t\t<h3 class=\"elementor-heading-title elementor-size-default\">Pourquoi les personnes les plus fortes s'effondrent en silence ? <\/h3>\t\t\t\t<\/div>\n\t\t\t\t<\/div>\n\t\t\t\t<div class=\"elementor-element elementor-element-987e056 liens-articles  elementor-widget elementor-widget-text-editor\" data-id=\"987e056\" data-element_type=\"widget\" data-e-type=\"widget\" data-widget_type=\"text-editor.default\">\n\t\t\t\t<div class=\"elementor-widget-container\">\n\t\t\t\t\t\t\t\t\t<p class=\"font-claude-response-body break-words whitespace-normal leading-[1.7]\">Je l&#8217;ai v\u00e9cu moi-m\u00eame. J&#8217;ai attendu <a href=\"https:\/\/youtu.be\/kKYz3M1BA0U\" target=\"_blank\" rel=\"noopener\">la trahison<\/a> pour voir ce que je refusais de voir depuis longtemps. En r\u00e9alit\u00e9, c&#8217;est moi qui trahissais mes propres valeurs en restant. Les signaux \u00e9taient l\u00e0 et nombreux. La permission de me respecter, elle ne l&#8217;\u00e9tait pas.<\/p><p class=\"font-claude-response-body break-words whitespace-normal leading-[1.7]\">Marc a grandi dans une famille d\u00e9valorisante. Ses projets ont \u00e9t\u00e9 sabot\u00e9s \u2014 de l&#8217;ext\u00e9rieur, puis de l&#8217;int\u00e9rieur. Une conviction s&#8217;est install\u00e9e tr\u00e8s t\u00f4t : <em>&#8220;Je suis nul, je n&#8217;arrive \u00e0 rien.&#8221;<\/em> Cette conviction a bloqu\u00e9 des d\u00e9cennies d&#8217;\u00e9lan.<\/p><p class=\"font-claude-response-body break-words whitespace-normal leading-[1.7]\">Elsa a v\u00e9cu une injustice professionnelle s\u00e9v\u00e8re. Cela a d\u00e9clench\u00e9 une d\u00e9compensation, des ann\u00e9es de d\u00e9r\u00e9alisation, un diagnostic, puis une remont\u00e9e lente du fil jusqu&#8217;\u00e0 l&#8217;enfance. L&#8217;injustice n&#8217;a pas tout caus\u00e9 \u2014 elle a simplement fait d\u00e9border un vase qui \u00e9tait d\u00e9j\u00e0 plein.<\/p><p class=\"font-claude-response-body break-words whitespace-normal leading-[1.7]\">Alain, lui, a travers\u00e9 des trahisons, reconstruit sa vie. Mais des ann\u00e9es plus tard, quelque chose remonte. Pas un effondrement. Quelque chose de discret, d&#8217;insistant. Une voix qu&#8217;il reconna\u00eet sans l&#8217;\u00e9couter encore.<\/p>\t\t\t\t\t\t\t\t<\/div>\n\t\t\t\t<\/div>\n\t\t\t\t<div class=\"elementor-element elementor-element-9058f6f elementor-widget elementor-widget-heading\" data-id=\"9058f6f\" data-element_type=\"widget\" data-e-type=\"widget\" data-widget_type=\"heading.default\">\n\t\t\t\t<div class=\"elementor-widget-container\">\n\t\t\t\t\t<h3 class=\"elementor-heading-title elementor-size-default\">Jusqu'o\u00f9 la th\u00e9rapie classique ne permet pas d'aller<\/h3>\t\t\t\t<\/div>\n\t\t\t\t<\/div>\n\t\t\t\t<div class=\"elementor-element elementor-element-bac6392 liens-articles  elementor-widget elementor-widget-text-editor\" data-id=\"bac6392\" data-element_type=\"widget\" data-e-type=\"widget\" data-widget_type=\"text-editor.default\">\n\t\t\t\t<div class=\"elementor-widget-container\">\n\t\t\t\t\t\t\t\t\t<p class=\"font-claude-response-body break-words whitespace-normal leading-[1.7]\">Le r\u00e9flexe premier est souvent le bon : consulter un psychologue. Ce n&#8217;est pas inutile. Mais pour un certain profil de personne \u2014 celles qui portent des sch\u00e9mas anciens, transg\u00e9n\u00e9rationnels, parfois karmiques \u2014 le travail s&#8217;arr\u00eate \u00e0 la surface consciente.<\/p><p class=\"font-claude-response-body break-words whitespace-normal leading-[1.7]\">On comprend. On analyse. On nomme. Mais comprendre ne d\u00e9noue pas ce qui est ancr\u00e9 dans le corps, dans les m\u00e9moires cellulaires, dans ce qui se transmet d&#8217;une g\u00e9n\u00e9ration \u00e0 l&#8217;autre.<\/p><p class=\"font-claude-response-body break-words whitespace-normal leading-[1.7]\">C&#8217;est comme avoir trouv\u00e9 la porte, mais je ne pas avoir la bonne cl\u00e9.<\/p>\t\t\t\t\t\t\t\t<\/div>\n\t\t\t\t<\/div>\n\t\t\t\t<div class=\"elementor-element elementor-element-89ca72b elementor-widget elementor-widget-image\" data-id=\"89ca72b\" data-element_type=\"widget\" data-e-type=\"widget\" data-widget_type=\"image.default\">\n\t\t\t\t<div class=\"elementor-widget-container\">\n\t\t\t\t\t\t\t\t\t\t\t\t\t\t\t<img fetchpriority=\"high\" decoding=\"async\" width=\"1024\" height=\"465\" src=\"https:\/\/lavoiedenahk.fr\/blog\/wp-content\/uploads\/2026\/04\/cles-1024x465.jpg\" class=\"attachment-large size-large wp-image-11214\" alt=\"\" srcset=\"https:\/\/lavoiedenahk.fr\/blog\/wp-content\/uploads\/2026\/04\/cles-1024x465.jpg 1024w, https:\/\/lavoiedenahk.fr\/blog\/wp-content\/uploads\/2026\/04\/cles-300x136.jpg 300w, https:\/\/lavoiedenahk.fr\/blog\/wp-content\/uploads\/2026\/04\/cles-768x349.jpg 768w, https:\/\/lavoiedenahk.fr\/blog\/wp-content\/uploads\/2026\/04\/cles.jpg 1520w\" sizes=\"(max-width: 1024px) 100vw, 1024px\" \/>\t\t\t\t\t\t\t\t\t\t\t\t\t\t\t<\/div>\n\t\t\t\t<\/div>\n\t\t\t\t<div class=\"elementor-element elementor-element-97dfe0d elementor-widget elementor-widget-heading\" data-id=\"97dfe0d\" data-element_type=\"widget\" data-e-type=\"widget\" data-widget_type=\"heading.default\">\n\t\t\t\t<div class=\"elementor-widget-container\">\n\t\t\t\t\t<h3 class=\"elementor-heading-title elementor-size-default\">Ce que \u00e7a co\u00fbte d'attendre : le vrai prix de l'inaction<\/h3>\t\t\t\t<\/div>\n\t\t\t\t<\/div>\n\t\t\t\t<div class=\"elementor-element elementor-element-99cab53 elementor-widget elementor-widget-text-editor\" data-id=\"99cab53\" data-element_type=\"widget\" data-e-type=\"widget\" data-widget_type=\"text-editor.default\">\n\t\t\t\t<div class=\"elementor-widget-container\">\n\t\t\t\t\t\t\t\t\t<p class=\"font-claude-response-body break-words whitespace-normal leading-[1.7]\">C&#8217;est l\u00e0 que je dois \u00eatre directe avec vous.<\/p><p class=\"font-claude-response-body break-words whitespace-normal leading-[1.7]\">Quand on arrive \u00e0 genoux \u2014 sans ressources financi\u00e8res, \u00e9motionnelles, physiques \u2014 le travail est beaucoup plus difficile. Certaines fen\u00eatres se ferment. Certaines conditions ont disparu.<\/p><p class=\"font-claude-response-body break-words whitespace-normal leading-[1.7]\">Elsa aurait pu commencer ce travail bien avant. Les ann\u00e9es de d\u00e9r\u00e9alisation n&#8217;\u00e9taient pas une fatalit\u00e9, elles \u00e9taient une r\u00e9ponse \u00e0 quelque chose qui n&#8217;avait pas encore \u00e9t\u00e9 vu.<\/p><p class=\"font-claude-response-body break-words whitespace-normal leading-[1.7]\">Sonia, elle, a senti les signaux t\u00f4t. Elle a agi avant l&#8217;irr\u00e9parable. La s\u00e9ance a \u00e9t\u00e9 fluide, riche, parce que ses ressources \u00e9taient encore intactes.<\/p><p class=\"font-claude-response-body break-words whitespace-normal leading-[1.7]\">Ce que j&#8217;observe dans ma pratique : mes consultants me contactent souvent quand ils n&#8217;ont plus d&#8217;\u00e9nergie, plus de solutions et parfois plus de ressources financi\u00e8res. Ce n&#8217;est pas un reproche \u2014 c&#8217;est un constat. Et cette r\u00e9alit\u00e9 financi\u00e8re que nous vivons tous, m&#8217;emp\u00eache parfois d&#8217;aider tous ceux que je voudrais.<\/p>\t\t\t\t\t\t\t\t<\/div>\n\t\t\t\t<\/div>\n\t\t\t\t<div class=\"elementor-element elementor-element-645e051 elementor-widget elementor-widget-heading\" data-id=\"645e051\" data-element_type=\"widget\" data-e-type=\"widget\" data-widget_type=\"heading.default\">\n\t\t\t\t<div class=\"elementor-widget-container\">\n\t\t\t\t\t<h3 class=\"elementor-heading-title elementor-size-default\">Sch\u00e9mas r\u00e9p\u00e9titifs : comment reconna\u00eetre le moment o\u00f9 agir ?<\/h3>\t\t\t\t<\/div>\n\t\t\t\t<\/div>\n\t\t\t\t<div class=\"elementor-element elementor-element-413a2ad elementor-widget elementor-widget-text-editor\" data-id=\"413a2ad\" data-element_type=\"widget\" data-e-type=\"widget\" data-widget_type=\"text-editor.default\">\n\t\t\t\t<div class=\"elementor-widget-container\">\n\t\t\t\t\t\t\t\t\t<p class=\"font-claude-response-body break-words whitespace-normal leading-[1.7]\">Les signaux \u00e9taient l\u00e0. La voix int\u00e9rieure guidait, hurlait m\u00eame. Ce qui a manqu\u00e9, c&#8217;est la permission de vous prendre au s\u00e9rieux.<\/p><p class=\"font-claude-response-body break-words whitespace-normal leading-[1.7]\">Vous avez utilis\u00e9 votre capacit\u00e9 d&#8217;adaptation contre vous-m\u00eame. Cette m\u00eame capacit\u00e9 \u2014 cette force de tenir, d&#8217;absorber, de continuer \u2014 elle est r\u00e9elle. Elle est m\u00eame remarquable.<\/p><p class=\"font-claude-response-body break-words whitespace-normal leading-[1.7]\">Mais mal orient\u00e9e, elle vous \u00e9puise sans vous faire avancer.<\/p><p class=\"font-claude-response-body break-words whitespace-normal leading-[1.7]\">La question n&#8217;est pas <em>&#8220;Est-ce que je me fais du cin\u00e9ma ?&#8221;<\/em> Elle est : <em>&#8220;Qu&#8217;est-ce que j&#8217;attends pour agir pour moi ?&#8221;<\/em><\/p>\t\t\t\t\t\t\t\t<\/div>\n\t\t\t\t<\/div>\n\t\t\t\t<div class=\"elementor-element elementor-element-a0b4b45 elementor-widget elementor-widget-heading\" data-id=\"a0b4b45\" data-element_type=\"widget\" data-e-type=\"widget\" data-widget_type=\"heading.default\">\n\t\t\t\t<div class=\"elementor-widget-container\">\n\t\t\t\t\t<h3 class=\"elementor-heading-title elementor-size-default\">Par o\u00f9 commencer quand on ne sait pas o\u00f9 on en est ?<\/h3>\t\t\t\t<\/div>\n\t\t\t\t<\/div>\n\t\t\t\t<div class=\"elementor-element elementor-element-be8fe23 elementor-widget elementor-widget-text-editor\" data-id=\"be8fe23\" data-element_type=\"widget\" data-e-type=\"widget\" data-widget_type=\"text-editor.default\">\n\t\t\t\t<div class=\"elementor-widget-container\">\n\t\t\t\t\t\t\t\t\t<p class=\"font-claude-response-body break-words whitespace-normal leading-[1.7]\">Si vous ne savez pas o\u00f9 vous en \u00eates, j&#8217;ai cr\u00e9\u00e9 <a href=\"https:\/\/voyance.sebastianik.fr\/test-valeurs-personnelles.html\">un test de personnalit\u00e9<\/a> qui peut vous aider \u00e0 identifier ce qui vous retient. Il prend quelques minutes.\u00a0<\/p><p class=\"font-claude-response-body break-words whitespace-normal leading-[1.7]\">Si ce que vous venez de lire vous parle, si vous vous\u00a0 reconnaissez dans ces portraits, voici les cadres de travail que je propose :<\/p><p class=\"font-claude-response-body break-words whitespace-normal leading-[1.7]\"><strong><a class=\"underline underline underline-offset-2 decoration-1 decoration-current\/40 hover:decoration-current focus:decoration-current\" href=\"https:\/\/lavoiedenahk.fr\/le-programme-me-myself-and-i.html\">Me, Myself and I<\/a><\/strong> \u2014 pour ceux dont les blocages sont terrestres, relationnels, identitaires. Quand on sait que quelque chose coince, mais qu&#8217;on n&#8217;arrive pas \u00e0 s&#8217;en d\u00e9faire seul.<\/p><p class=\"font-claude-response-body break-words whitespace-normal leading-[1.7]\"><strong><a class=\"underline underline underline-offset-2 decoration-1 decoration-current\/40 hover:decoration-current focus:decoration-current\" href=\"https:\/\/lavoiedenahk.fr\/le-programme-traumas-et-karma.html\">Traumas et Karma<\/a><\/strong> \u2014 pour ceux qui reconnaissent des sch\u00e9mas r\u00e9p\u00e9titifs, des blessures anciennes, peut-\u00eatre quelque chose qui se transmet.<\/p><p class=\"font-claude-response-body break-words whitespace-normal leading-[1.7]\"><strong><a class=\"underline underline underline-offset-2 decoration-1 decoration-current\/40 hover:decoration-current focus:decoration-current\" href=\"https:\/\/lavoiedenahk.fr\/le-programme-manifester-et-creer.html\">Manifester et Cr\u00e9er<\/a><\/strong> \u2014 pour ceux qui ont d\u00e9j\u00e0 commenc\u00e9 ce travail sur eux, ont des capacit\u00e9s et veulent les utiliser pour forger leur destin.<\/p>\t\t\t\t\t\t\t\t<\/div>\n\t\t\t\t<\/div>\n\t\t\t\t<div class=\"elementor-element elementor-element-fbee700 elementor-widget elementor-widget-heading\" data-id=\"fbee700\" data-element_type=\"widget\" data-e-type=\"widget\" data-widget_type=\"heading.default\">\n\t\t\t\t<div class=\"elementor-widget-container\">\n\t\t\t\t\t<h3 class=\"elementor-heading-title elementor-size-default\">En r\u00e9sum\u00e9 : les 3 signes pour reconna\u00eetre une sortie de corps<\/h3>\t\t\t\t<\/div>\n\t\t\t\t<\/div>\n\t\t\t\t<\/div>\n\t\t\t\t<div class=\"elementor-element elementor-element-fc769f9 elementor-widget elementor-widget-spacer\" data-id=\"fc769f9\" data-element_type=\"widget\" data-e-type=\"widget\" data-widget_type=\"spacer.default\">\n\t\t\t\t<div class=\"elementor-widget-container\">\n\t\t\t\t\t\t\t<div class=\"elementor-spacer\">\n\t\t\t<div class=\"elementor-spacer-inner\"><\/div>\n\t\t<\/div>\n\t\t\t\t\t\t<\/div>\n\t\t\t\t<\/div>\n\t\t<div class=\"elementor-element elementor-element-85d6bec e-con-full e-flex e-con e-child\" data-id=\"85d6bec\" data-element_type=\"container\" data-e-type=\"container\">\n\t\t\t\t<div class=\"elementor-element elementor-element-19d093e elementor-cta--skin-classic elementor-animated-content elementor-bg-transform elementor-bg-transform-zoom-in elementor-widget elementor-widget-call-to-action\" data-id=\"19d093e\" data-element_type=\"widget\" data-e-type=\"widget\" data-widget_type=\"call-to-action.default\">\n\t\t\t\t<div class=\"elementor-widget-container\">\n\t\t\t\t\t\t\t<a class=\"elementor-cta\" href=\"https:\/\/lavoiedenahk.fr\/reserver-une-seance-decouverte.html\">\n\t\t\t\t\t<div class=\"elementor-cta__bg-wrapper\">\n\t\t\t\t<div class=\"elementor-cta__bg elementor-bg\" style=\"background-image: url(https:\/\/lavoiedenahk.fr\/blog\/wp-content\/uploads\/2026\/04\/MeMyselfIpng.png);\" role=\"img\" aria-label=\"Programme Me, Myself and I\"><\/div>\n\t\t\t\t<div class=\"elementor-cta__bg-overlay\"><\/div>\n\t\t\t<\/div>\n\t\t\t\t\t\t\t<div class=\"elementor-cta__content\">\n\t\t\t\t\n\t\t\t\t\n\t\t\t\t\t\t\t\t\t<div class=\"elementor-cta__description elementor-cta__content-item elementor-content-item\">\n\t\t\t\t\t\tSi ce que vous venez de lire vous parle, si vous reconnaissez dans ces portraits quelque chose qui vous appartient \u2014 c'est peut-\u00eatre le moment de faire le premier pas.\t\t\t\t\t<\/div>\n\t\t\t\t\n\t\t\t\t\t\t\t\t\t<div class=\"elementor-cta__button-wrapper elementor-cta__content-item elementor-content-item \">\n\t\t\t\t\t<span class=\"elementor-cta__button elementor-button elementor-size-\">\n\t\t\t\t\t\tR\u00e9server un appel d\u00e9couverte\t\t\t\t\t<\/span>\n\t\t\t\t\t<\/div>\n\t\t\t\t\t\t\t<\/div>\n\t\t\t\t\t\t<\/a>\n\t\t\t\t\t\t<\/div>\n\t\t\t\t<\/div>\n\t\t\t\t<\/div>\n\t\t\t\t<\/div>\n\t\t\t\t<\/div>\n\t\t","protected":false},"excerpt":{"rendered":"<p>Sch\u00e9mas r\u00e9p\u00e9titifs, \u00e9puisement silencieux, signaux ignor\u00e9s : pourquoi les personnes les plus solides attendent-elles la rupture pour agir ? <br\/><span class=\"more-tag\"><a class=\"more-link\" href=\"https:\/\/lavoiedenahk.fr\/blog\/pourquoi-on-attend-toujours-la-crise-pour-demander-de-laide\/\">Poursuivre la lecture<span class=\"screen-reader-text\"> \"Pourquoi on attend toujours la crise pour demander de l&#8217;aide ?\"<\/span><\/a><\/span><!-- .more-tag --><\/p>\n","protected":false},"author":1,"featured_media":0,"comment_status":"open","ping_status":"open","sticky":false,"template":"","format":"video","meta":{"footnotes":""},"categories":[107,59],"tags":[251,62,252],"class_list":["post-11208","post","type-post","status-publish","format-video","hentry","category-blessures-emotionnelles","category-developpement-personnel","tag-developpement-spirituel","tag-la-voie-de-nahk","tag-schemas-repetitifs","post_format-post-format-video"],"yoast_head":"<!-- This site is optimized with the Yoast SEO plugin v27.3 - https:\/\/yoast.com\/product\/yoast-seo-wordpress\/ -->\n<title>Pourquoi on attend toujours la crise pour demander de l&#039;aide ? | Chemin d&#039;\u00e9veil<\/title>\n<meta name=\"description\" content=\"Sch\u00e9mas r\u00e9p\u00e9titifs, \u00e9puisement silencieux, signaux ignor\u00e9s : pourquoi les personnes les plus solides attendent-elles la rupture pour agir ?\" \/>\n<meta name=\"robots\" content=\"index, follow, max-snippet:-1, max-image-preview:large, max-video-preview:-1\" \/>\n<link rel=\"canonical\" href=\"https:\/\/lavoiedenahk.fr\/blog\/pourquoi-on-attend-toujours-la-crise-pour-demander-de-laide\/\" \/>\n<meta property=\"og:locale\" content=\"fr_FR\" \/>\n<meta property=\"og:type\" content=\"article\" \/>\n<meta property=\"og:title\" content=\"Pourquoi on attend toujours la crise pour demander de l&#039;aide ?\" \/>\n<meta property=\"og:description\" content=\"Sch\u00e9mas r\u00e9p\u00e9titifs, \u00e9puisement silencieux, signaux ignor\u00e9s : pourquoi les personnes les plus solides attendent-elles la rupture pour agir ?\" \/>\n<meta property=\"og:url\" content=\"https:\/\/lavoiedenahk.fr\/blog\/pourquoi-on-attend-toujours-la-crise-pour-demander-de-laide\/\" \/>\n<meta property=\"og:site_name\" content=\"Chemin d&#039;\u00e9veil\" \/>\n<meta property=\"article:publisher\" content=\"https:\/\/www.facebook.com\/lavoiedenahkofficiel\/\" \/>\n<meta property=\"article:author\" content=\"https:\/\/www.facebook.com\/lavoiedenahkofficiel\/\" \/>\n<meta property=\"article:published_time\" content=\"2026-04-22T16:00:00+00:00\" \/>\n<meta property=\"og:image\" content=\"https:\/\/lavoiedenahk.fr\/blog\/wp-content\/uploads\/2026\/04\/cles.jpg\" \/>\n\t<meta property=\"og:image:width\" content=\"1520\" \/>\n\t<meta property=\"og:image:height\" content=\"690\" \/>\n\t<meta property=\"og:image:type\" content=\"image\/jpeg\" \/>\n<meta name=\"author\" content=\"Karine Nahkag\" \/>\n<meta name=\"twitter:card\" content=\"summary_large_image\" \/>\n<meta name=\"twitter:title\" content=\"Pourquoi on attend toujours la crise pour demander de l&#039;aide ?\" \/>\n<meta name=\"twitter:description\" content=\"Sch\u00e9mas r\u00e9p\u00e9titifs, \u00e9puisement silencieux, signaux ignor\u00e9s : pourquoi les personnes les plus solides attendent-elles la rupture pour agir ?\" \/>\n<meta name=\"twitter:creator\" content=\"@lavoiedenahk\" \/>\n<meta name=\"twitter:site\" content=\"@lavoiedenahk\" \/>\n<meta name=\"twitter:label1\" content=\"\u00c9crit par\" \/>\n\t<meta name=\"twitter:data1\" content=\"Karine Nahkag\" \/>\n\t<meta name=\"twitter:label2\" content=\"Dur\u00e9e de lecture estim\u00e9e\" \/>\n\t<meta name=\"twitter:data2\" content=\"4 minutes\" \/>\n<!-- \/ Yoast SEO plugin. -->","yoast_head_json":{"title":"Pourquoi on attend toujours la crise pour demander de l'aide ? | Chemin d&#039;\u00e9veil","description":"Sch\u00e9mas r\u00e9p\u00e9titifs, \u00e9puisement silencieux, signaux ignor\u00e9s : pourquoi les personnes les plus solides attendent-elles la rupture pour agir ?","robots":{"index":"index","follow":"follow","max-snippet":"max-snippet:-1","max-image-preview":"max-image-preview:large","max-video-preview":"max-video-preview:-1"},"canonical":"https:\/\/lavoiedenahk.fr\/blog\/pourquoi-on-attend-toujours-la-crise-pour-demander-de-laide\/","og_locale":"fr_FR","og_type":"article","og_title":"Pourquoi on attend toujours la crise pour demander de l'aide ?","og_description":"Sch\u00e9mas r\u00e9p\u00e9titifs, \u00e9puisement silencieux, signaux ignor\u00e9s : pourquoi les personnes les plus solides attendent-elles la rupture pour agir ?","og_url":"https:\/\/lavoiedenahk.fr\/blog\/pourquoi-on-attend-toujours-la-crise-pour-demander-de-laide\/","og_site_name":"Chemin d&#039;\u00e9veil","article_publisher":"https:\/\/www.facebook.com\/lavoiedenahkofficiel\/","article_author":"https:\/\/www.facebook.com\/lavoiedenahkofficiel\/","article_published_time":"2026-04-22T16:00:00+00:00","og_image":[{"width":1520,"height":690,"url":"https:\/\/lavoiedenahk.fr\/blog\/wp-content\/uploads\/2026\/04\/cles.jpg","type":"image\/jpeg"}],"author":"Karine Nahkag","twitter_card":"summary_large_image","twitter_title":"Pourquoi on attend toujours la crise pour demander de l'aide ?","twitter_description":"Sch\u00e9mas r\u00e9p\u00e9titifs, \u00e9puisement silencieux, signaux ignor\u00e9s : pourquoi les personnes les plus solides attendent-elles la rupture pour agir ?","twitter_creator":"@lavoiedenahk","twitter_site":"@lavoiedenahk","twitter_misc":{"\u00c9crit par":"Karine Nahkag","Dur\u00e9e de lecture estim\u00e9e":"4 minutes"},"schema":{"@context":"https:\/\/schema.org","@graph":[{"@type":"Article","@id":"https:\/\/lavoiedenahk.fr\/blog\/pourquoi-on-attend-toujours-la-crise-pour-demander-de-laide\/#article","isPartOf":{"@id":"https:\/\/lavoiedenahk.fr\/blog\/pourquoi-on-attend-toujours-la-crise-pour-demander-de-laide\/"},"author":{"name":"Karine Nahkag","@id":"https:\/\/lavoiedenahk.fr\/blog\/#\/schema\/person\/be725f0bddd213a84b02fdabb68248fb"},"headline":"Pourquoi on attend toujours la crise pour demander de l&#8217;aide ?","datePublished":"2026-04-22T16:00:00+00:00","mainEntityOfPage":{"@id":"https:\/\/lavoiedenahk.fr\/blog\/pourquoi-on-attend-toujours-la-crise-pour-demander-de-laide\/"},"wordCount":868,"commentCount":0,"publisher":{"@id":"https:\/\/lavoiedenahk.fr\/blog\/#\/schema\/person\/be725f0bddd213a84b02fdabb68248fb"},"image":{"@id":"https:\/\/lavoiedenahk.fr\/blog\/pourquoi-on-attend-toujours-la-crise-pour-demander-de-laide\/#primaryimage"},"thumbnailUrl":"https:\/\/lavoiedenahk.fr\/blog\/wp-content\/uploads\/2026\/04\/cles-1024x465.jpg","keywords":["d\u00e9veloppement spirituel","La voie de Nahk","sch\u00e9mas r\u00e9p\u00e9titifs"],"articleSection":["Blessures \u00e9motionnelles","D\u00e9veloppement personnel"],"inLanguage":"fr-FR","potentialAction":[{"@type":"CommentAction","name":"Comment","target":["https:\/\/lavoiedenahk.fr\/blog\/pourquoi-on-attend-toujours-la-crise-pour-demander-de-laide\/#respond"]}]},{"@type":"WebPage","@id":"https:\/\/lavoiedenahk.fr\/blog\/pourquoi-on-attend-toujours-la-crise-pour-demander-de-laide\/","url":"https:\/\/lavoiedenahk.fr\/blog\/pourquoi-on-attend-toujours-la-crise-pour-demander-de-laide\/","name":"Pourquoi on attend toujours la crise pour demander de l'aide ? | Chemin d&#039;\u00e9veil","isPartOf":{"@id":"https:\/\/lavoiedenahk.fr\/blog\/#website"},"primaryImageOfPage":{"@id":"https:\/\/lavoiedenahk.fr\/blog\/pourquoi-on-attend-toujours-la-crise-pour-demander-de-laide\/#primaryimage"},"image":{"@id":"https:\/\/lavoiedenahk.fr\/blog\/pourquoi-on-attend-toujours-la-crise-pour-demander-de-laide\/#primaryimage"},"thumbnailUrl":"https:\/\/lavoiedenahk.fr\/blog\/wp-content\/uploads\/2026\/04\/cles-1024x465.jpg","datePublished":"2026-04-22T16:00:00+00:00","description":"Sch\u00e9mas r\u00e9p\u00e9titifs, \u00e9puisement silencieux, signaux ignor\u00e9s : pourquoi les personnes les plus solides attendent-elles la rupture pour agir ?","breadcrumb":{"@id":"https:\/\/lavoiedenahk.fr\/blog\/pourquoi-on-attend-toujours-la-crise-pour-demander-de-laide\/#breadcrumb"},"inLanguage":"fr-FR","potentialAction":[{"@type":"ReadAction","target":["https:\/\/lavoiedenahk.fr\/blog\/pourquoi-on-attend-toujours-la-crise-pour-demander-de-laide\/"]}]},{"@type":"ImageObject","inLanguage":"fr-FR","@id":"https:\/\/lavoiedenahk.fr\/blog\/pourquoi-on-attend-toujours-la-crise-pour-demander-de-laide\/#primaryimage","url":"https:\/\/lavoiedenahk.fr\/blog\/wp-content\/uploads\/2026\/04\/cles.jpg","contentUrl":"https:\/\/lavoiedenahk.fr\/blog\/wp-content\/uploads\/2026\/04\/cles.jpg","width":1520,"height":690,"caption":"Many metal keys and one golden key"},{"@type":"BreadcrumbList","@id":"https:\/\/lavoiedenahk.fr\/blog\/pourquoi-on-attend-toujours-la-crise-pour-demander-de-laide\/#breadcrumb","itemListElement":[{"@type":"ListItem","position":1,"name":"Accueil","item":"https:\/\/lavoiedenahk.fr\/blog\/"},{"@type":"ListItem","position":2,"name":"Pourquoi on attend toujours la crise pour demander de l&#8217;aide ?"}]},{"@type":"WebSite","@id":"https:\/\/lavoiedenahk.fr\/blog\/#website","url":"https:\/\/lavoiedenahk.fr\/blog\/","name":"Chemin d'\u00e9veil","description":"Chemin d&#039;\u00e9veil : le blog de Nahk","publisher":{"@id":"https:\/\/lavoiedenahk.fr\/blog\/#\/schema\/person\/be725f0bddd213a84b02fdabb68248fb"},"alternateName":"Le blog de Nahk","potentialAction":[{"@type":"SearchAction","target":{"@type":"EntryPoint","urlTemplate":"https:\/\/lavoiedenahk.fr\/blog\/?s={search_term_string}"},"query-input":{"@type":"PropertyValueSpecification","valueRequired":true,"valueName":"search_term_string"}}],"inLanguage":"fr-FR"},{"@type":["Person","Organization"],"@id":"https:\/\/lavoiedenahk.fr\/blog\/#\/schema\/person\/be725f0bddd213a84b02fdabb68248fb","name":"Karine Nahkag","image":{"@type":"ImageObject","inLanguage":"fr-FR","@id":"https:\/\/lavoiedenahk.fr\/blog\/wp-content\/uploads\/2024\/10\/cropped-NAHK-signature-sanscontours658.png","url":"https:\/\/lavoiedenahk.fr\/blog\/wp-content\/uploads\/2024\/10\/cropped-NAHK-signature-sanscontours658.png","contentUrl":"https:\/\/lavoiedenahk.fr\/blog\/wp-content\/uploads\/2024\/10\/cropped-NAHK-signature-sanscontours658.png","width":658,"height":649,"caption":"Karine Nahkag"},"logo":{"@id":"https:\/\/lavoiedenahk.fr\/blog\/wp-content\/uploads\/2024\/10\/cropped-NAHK-signature-sanscontours658.png"},"description":"M\u00e9dium et Hypnoth\u00e9rapeute, je vous accompagne vers un mieux \u00eatre par la pleine connaissance et conscience de soi. Retrouvez l'ensemble de mes programmes et soins holistiques sur les sites https:\/\/lavoiedenahk.fr et https:\/\/nahk-hypnose.fr Karine Nahkag \ud83c\udf3a\ud83d\udc9c Concept original. Reproduction interdite sans autorisation","sameAs":["https:\/\/lavoiedenahk.fr\/blog","https:\/\/www.facebook.com\/lavoiedenahkofficiel\/","https:\/\/www.instagram.com\/lavoiedenahkofficiel\/","https:\/\/www.linkedin.com\/in\/nahk-hypnose\/","https:\/\/x.com\/@lavoiedenahk","https:\/\/www.youtube.com\/@LavoiedeNahk"],"url":"https:\/\/lavoiedenahk.fr\/blog\/author\/webmastersebastianik-fr\/"}]}},"_links":{"self":[{"href":"https:\/\/lavoiedenahk.fr\/blog\/wp-json\/wp\/v2\/posts\/11208","targetHints":{"allow":["GET"]}}],"collection":[{"href":"https:\/\/lavoiedenahk.fr\/blog\/wp-json\/wp\/v2\/posts"}],"about":[{"href":"https:\/\/lavoiedenahk.fr\/blog\/wp-json\/wp\/v2\/types\/post"}],"author":[{"embeddable":true,"href":"https:\/\/lavoiedenahk.fr\/blog\/wp-json\/wp\/v2\/users\/1"}],"replies":[{"embeddable":true,"href":"https:\/\/lavoiedenahk.fr\/blog\/wp-json\/wp\/v2\/comments?post=11208"}],"version-history":[{"count":13,"href":"https:\/\/lavoiedenahk.fr\/blog\/wp-json\/wp\/v2\/posts\/11208\/revisions"}],"predecessor-version":[{"id":11242,"href":"https:\/\/lavoiedenahk.fr\/blog\/wp-json\/wp\/v2\/posts\/11208\/revisions\/11242"}],"wp:attachment":[{"href":"https:\/\/lavoiedenahk.fr\/blog\/wp-json\/wp\/v2\/media?parent=11208"}],"wp:term":[{"taxonomy":"category","embeddable":true,"href":"https:\/\/lavoiedenahk.fr\/blog\/wp-json\/wp\/v2\/categories?post=11208"},{"taxonomy":"post_tag","embeddable":true,"href":"https:\/\/lavoiedenahk.fr\/blog\/wp-json\/wp\/v2\/tags?post=11208"}],"curies":[{"name":"wp","href":"https:\/\/api.w.org\/{rel}","templated":true}]}}